{"id":605,"date":"2022-11-21T14:24:41","date_gmt":"2022-11-21T13:24:41","guid":{"rendered":"http:\/\/www.ludovicteneze.com\/?p=605"},"modified":"2024-02-13T12:31:46","modified_gmt":"2024-02-13T11:31:46","slug":"var-en-cours-le-temps-suspendu-626-secondes","status":"publish","type":"post","link":"https:\/\/www.ludovicteneze.com\/index.php\/2022\/11\/21\/var-en-cours-le-temps-suspendu-626-secondes\/","title":{"rendered":"VAR en cours&#8230; le temps suspendu 626 secondes"},"content":{"rendered":"<div class=\"wp-block-image\">\n<figure class=\"aligncenter size-full\"><img loading=\"lazy\" decoding=\"async\" width=\"533\" height=\"422\" src=\"http:\/\/www.ludovicteneze.com\/wp-content\/uploads\/2022\/11\/VAR-2022-11-bis.png\" alt=\"\" class=\"wp-image-610\" srcset=\"https:\/\/www.ludovicteneze.com\/wp-content\/uploads\/2022\/11\/VAR-2022-11-bis.png 533w, https:\/\/www.ludovicteneze.com\/wp-content\/uploads\/2022\/11\/VAR-2022-11-bis-300x238.png 300w\" sizes=\"(max-width: 533px) 100vw, 533px\" \/><\/figure><\/div>\n\n\n<div style=\"height:10px\" aria-hidden=\"true\" class=\"wp-block-spacer\"><\/div>\n\n\n\n<p><strong>20 novembre&#8230; Le coup d\u2019envoi de La Coupe du monde<\/strong><\/p>\n\n\n\n<p class=\"has-black-color has-text-color\">Il est donn\u00e9 \u00e0 17h pour un match \u00ab\u00a0historique\u00a0\u00bb Qatar \u2013 Equateur&#8230; apr\u00e8s 4 ans et demi d\u2019attente depuis la derni\u00e8re finale remport\u00e9e par les bleus\u00a0!<\/p>\n\n\n\n<p>\u00c0 peine le temps de s\u2019installer sur son canap\u00e9, et l\u2019Equateur marque un but de la t\u00eate par Enner Valencia\u00a0! G\u00e9nial&#8230; Une Coupe du monde offensive avec des gardiens \u00e0 la d\u00e9rive, \u00e0 la p\u00eache au ballon plut\u00f4t pour le gardien du Qatar.\u00a0 Il est 17h02 et 39 secondes, les commentateurs ne le savent pas encore mais ce qui a vraiment commenc\u00e9 c\u2019est la Coupe du monde de la VAR, et plus pr\u00e9cis\u00e9ment du nouveau jouet de la FIFA, la d\u00e9tection du hors-jeu automatis\u00e9.<\/p>\n\n\n\n<blockquote class=\"wp-block-quote\">\n<p class=\"has-black-color has-text-color\">\u00ab&nbsp;Dans cette affaire sans passion ni qualit\u00e9, le premier h\u00e9ros de la Coupe du monde se nomme Enner Valencia, meilleur buteur de l&rsquo;histoire de la s\u00e9lection (75 s\u00e9lections, 37 buts) et auteur d&rsquo;un doubl\u00e9 apr\u00e8s s&rsquo;\u00eatre vu refuser un but de la t\u00eate d\u00e8s la 3e minute, ce qui aura permis d&rsquo;inaugurer en Coupe du monde la d\u00e9tection automatique du hors-jeu. On ne peut pas dire que l&rsquo;on ait gagn\u00e9 un temps de d\u00e9cision consid\u00e9rable, parce que l&rsquo;affaire a tra\u00een\u00e9, mais puisque \u00ab sur la m\u00eame ligne \u00bb n&rsquo;existe plus, puisque le hors-jeu est une d\u00e9cision binaire sans zone grise, Valencia a d\u00fb attendre un peu d&rsquo;\u00eatre le premier buteur de l&rsquo;\u00e9dition 2022.&nbsp;\u00bb Vincent Duluc L\u2019\u00e9quipe du 21 novembre 2021.<\/p>\n<\/blockquote>\n\n\n\n<div style=\"height:10px\" aria-hidden=\"true\" class=\"wp-block-spacer\"><\/div>\n\n\n\n<p><strong>On nous avait promis que c\u2019\u00e9tait parfait&#8230; mais le premier h\u00e9ros est Enner Valencia devient surtout la premi\u00e8re victime de la VAR.<\/strong><\/p>\n\n\n<div class=\"wp-block-image\">\n<figure class=\"aligncenter size-large is-resized\"><img loading=\"lazy\" decoding=\"async\" src=\"http:\/\/www.ludovicteneze.com\/wp-content\/uploads\/2022\/11\/VAr-en-cours-1-1024x1024.jpg\" alt=\"\" class=\"wp-image-609\" width=\"294\" height=\"294\" srcset=\"https:\/\/www.ludovicteneze.com\/wp-content\/uploads\/2022\/11\/VAr-en-cours-1-1024x1024.jpg 1024w, https:\/\/www.ludovicteneze.com\/wp-content\/uploads\/2022\/11\/VAr-en-cours-1-300x300.jpg 300w, https:\/\/www.ludovicteneze.com\/wp-content\/uploads\/2022\/11\/VAr-en-cours-1-150x150.jpg 150w, https:\/\/www.ludovicteneze.com\/wp-content\/uploads\/2022\/11\/VAr-en-cours-1-768x768.jpg 768w, https:\/\/www.ludovicteneze.com\/wp-content\/uploads\/2022\/11\/VAr-en-cours-1-1536x1536.jpg 1536w, https:\/\/www.ludovicteneze.com\/wp-content\/uploads\/2022\/11\/VAr-en-cours-1-550x550.jpg 550w\" sizes=\"(max-width: 294px) 100vw, 294px\" \/><\/figure><\/div>\n\n\n<div style=\"height:10px\" aria-hidden=\"true\" class=\"wp-block-spacer\"><\/div>\n\n\n\n<p class=\"has-black-color has-text-color\"><strong>VAR en cours&#8230; Le temps suspendu<\/strong><\/p>\n\n\n\n<p class=\"has-black-color has-text-color\">On d\u00e9clenche le chrono au d\u00e9but du match&#8230;<\/p>\n\n\n\n<div style=\"height:10px\" aria-hidden=\"true\" class=\"wp-block-spacer\"><\/div>\n\n\n<div class=\"wp-block-image\">\n<figure class=\"aligncenter size-full\"><img loading=\"lazy\" decoding=\"async\" width=\"633\" height=\"208\" src=\"http:\/\/www.ludovicteneze.com\/wp-content\/uploads\/2022\/11\/VAR-2021-11-20.png\" alt=\"\" class=\"wp-image-612\" srcset=\"https:\/\/www.ludovicteneze.com\/wp-content\/uploads\/2022\/11\/VAR-2021-11-20.png 633w, https:\/\/www.ludovicteneze.com\/wp-content\/uploads\/2022\/11\/VAR-2021-11-20-300x99.png 300w\" sizes=\"(max-width: 633px) 100vw, 633px\" \/><\/figure><\/div>\n\n\n<div style=\"height:10px\" aria-hidden=\"true\" class=\"wp-block-spacer\"><\/div>\n\n\n\n<p class=\"has-black-color has-text-color\">Entre le but et la d\u00e9cision de l\u2019annuler&#8230; 2 minutes et 5 secondes soit <strong>125 secondes&nbsp;!<\/strong> Une d\u00e9cision qui laisse tr\u00e8s perplexe le commentateur Bixente Lizarazu.<\/p>\n\n\n\n<p class=\"has-black-color has-text-color\">Entre la d\u00e9cision de l\u2019annuler et la preuve en image 8 minutes et 21 secondes sont encore n\u00e9cessaire !<\/p>\n\n\n\n<p class=\"has-black-color has-text-color\">Entre le but et la preuve en image il s\u2019est \u00e9coul\u00e9 10 minutes et 26 secondes&#8230; <strong>soit 626 secondes.<\/strong><\/p>\n\n\n\n<div style=\"height:11px\" aria-hidden=\"true\" class=\"wp-block-spacer\"><\/div>\n\n\n\n<p class=\"has-black-color has-text-color\"><strong>Une preuve vid\u00e9o\u00a0?<\/strong><\/p>\n\n\n\n<p class=\"has-black-color has-text-color\">Cette preuve vid\u00e9o a laiss\u00e9 perplexe Bixente Lizarazu<\/p>\n\n\n\n<p class=\"has-black-color has-text-color\">En fait pas d\u2019image juste une mod\u00e9lisation d\u2019un pied de l\u2019attaquant qui d\u00e9passe un peu plus que celui du d\u00e9fenseur&#8230;<\/p>\n\n\n\n<div style=\"height:10px\" aria-hidden=\"true\" class=\"wp-block-spacer\"><\/div>\n\n\n<div class=\"wp-block-image\">\n<figure class=\"aligncenter size-large is-resized\"><img loading=\"lazy\" decoding=\"async\" src=\"http:\/\/www.ludovicteneze.com\/wp-content\/uploads\/2022\/11\/VAR-equateur-1024x583.jpg\" alt=\"\" class=\"wp-image-614\" width=\"587\" height=\"334\" srcset=\"https:\/\/www.ludovicteneze.com\/wp-content\/uploads\/2022\/11\/VAR-equateur-1024x583.jpg 1024w, https:\/\/www.ludovicteneze.com\/wp-content\/uploads\/2022\/11\/VAR-equateur-300x171.jpg 300w, https:\/\/www.ludovicteneze.com\/wp-content\/uploads\/2022\/11\/VAR-equateur-768x437.jpg 768w, https:\/\/www.ludovicteneze.com\/wp-content\/uploads\/2022\/11\/VAR-equateur-1536x874.jpg 1536w, https:\/\/www.ludovicteneze.com\/wp-content\/uploads\/2022\/11\/VAR-equateur.jpg 1898w\" sizes=\"(max-width: 587px) 100vw, 587px\" \/><\/figure><\/div>\n\n\n<div style=\"height:10px\" aria-hidden=\"true\" class=\"wp-block-spacer\"><\/div>\n\n\n\n<p class=\"has-black-color has-text-color\">Pas de ballon, et sans le ballon rien ne prouve qu\u2019il s\u2019agisse de la bonne image, donc de la bonne mod\u00e9lisation.<\/p>\n\n\n\n<p class=\"has-black-color has-text-color\">Le hors-jeu est d\u00e9termin\u00e9, jug\u00e9 et d\u00e9tect\u00e9 au moment ou un partenaire touche le ballon pour l\u2019envoyer vers l\u2019avant&#8230; donc l\u2019image importante c\u2019est le duel entre le gardien et l\u2019attaquant.<\/p>\n\n\n\n<p class=\"has-black-color has-text-color\">La mod\u00e9lisation ne nous apporte pas la preuve que c\u2019est l\u2019attaquant qui a touch\u00e9 le ballon sur le duel&#8230; le gardien l\u2019a touch\u00e9 en premier&nbsp;? en dernier&nbsp;? On ne sait pas<\/p>\n\n\n\n<p class=\"has-black-color has-text-color\">L\u2019image ne donne aucune certitude que ce ballon soit propuls\u00e9 vers l\u2019avant dans ce cafouillage, ce duel entre le gardien en perdition et l\u2019attaquant qui saute pour jouer la balle de la t\u00eate. Le ballon monte en l\u2019air mais va-t-il vraiment vers l\u2019avant aucune certitude&#8230; et si le ballon ne va pas vers l\u2019avant&#8230; pas de hors-jeu&nbsp;!<\/p>\n\n\n\n<p class=\"has-black-color has-text-color\">La mod\u00e9lisation n\u2019apporte pas de r\u00e9ponse, ne donne pas de certitude, pas de v\u00e9rit\u00e9&#8230; en 626 secondes&nbsp;! Nous sommes dans la fameuse zone grise&#8230; personne n\u2019a raison et surtout pas le VAR&nbsp;! L\u2019arbitre a accord\u00e9 le but&#8230; pas d\u2019erreur manifeste et pourtant le VAR refuse le but&nbsp;!<\/p>\n\n\n\n<div style=\"height:10px\" aria-hidden=\"true\" class=\"wp-block-spacer\"><\/div>\n\n\n\n<p class=\"has-black-color has-text-color\"><strong>La promesse de la vitesse&#8230;<\/strong><\/p>\n\n\n\n<p class=\"has-black-color has-text-color\">Apr\u00e8s la promesse non tenue de la FIFA d\u2019une d\u00e9cision de la VAR en 40 secondes en 2018, la promesse d\u2019une d\u00e9tection du hors-jeu encore plus rapide semble d\u00e9j\u00e0 battre de l\u2019aile.<\/p>\n\n\n\n<p class=\"has-black-color has-text-color\">On n\u2019a pourtant pas r\u00eav\u00e9&#8230; voici un extrait des d\u00e9clarations du responsable des arbitres, Pierluigi Collina (L\u2019Equipe du 18 novembre 2022)&nbsp;:<\/p>\n\n\n\n<div style=\"height:10px\" aria-hidden=\"true\" class=\"wp-block-spacer\"><\/div>\n\n\n\n<figure class=\"wp-block-image size-full\"><img loading=\"lazy\" decoding=\"async\" width=\"738\" height=\"213\" src=\"http:\/\/www.ludovicteneze.com\/wp-content\/uploads\/2022\/11\/Collina.png\" alt=\"\" class=\"wp-image-607\" srcset=\"https:\/\/www.ludovicteneze.com\/wp-content\/uploads\/2022\/11\/Collina.png 738w, https:\/\/www.ludovicteneze.com\/wp-content\/uploads\/2022\/11\/Collina-300x87.png 300w\" sizes=\"(max-width: 738px) 100vw, 738px\" \/><\/figure>\n\n\n\n<div style=\"height:11px\" aria-hidden=\"true\" class=\"wp-block-spacer\"><\/div>\n\n\n\n<p class=\"has-black-color has-text-color\">Son \u00ab&nbsp;tr\u00e8s vite&nbsp;\u00bb ne se compare pas \u00e0 une \u00e9preuve de vitesse, la VAR est en cours \u00e0 la vitesse d\u2019une tortue&#8230;<\/p>\n\n\n\n<p class=\"has-black-color has-text-color\">La volont\u00e9 farouche de la FIFA d\u2019introduire la VAR, puis la d\u00e9tection du hors-jeu automatis\u00e9e, met donc \u00e0 mal ses ambitions affich\u00e9es au XXI<sup>e<\/sup> si\u00e8cle de redynamiser le jeu.<\/p>\n\n\n\n<p class=\"has-black-color has-text-color\">Donc avec cet outil ultra rapide on n\u2019a une fausse preuve vid\u00e9o pour les spectateurs et les t\u00e9l\u00e9spectateurs apr\u00e8s un but marqu\u00e9 au bout de 626 secondes. Une nouvelle promesse non tenue&nbsp;! Un v\u00e9ritable miroir aux alouettes&nbsp;!<\/p>\n\n\n\n<div style=\"height:10px\" aria-hidden=\"true\" class=\"wp-block-spacer\"><\/div>\n\n\n<div class=\"wp-block-image\">\n<figure class=\"aligncenter size-large is-resized\"><img loading=\"lazy\" decoding=\"async\" src=\"http:\/\/www.ludovicteneze.com\/wp-content\/uploads\/2022\/11\/IMG_0901-1024x1024.jpg\" alt=\"\" class=\"wp-image-608\" width=\"333\" height=\"333\" srcset=\"https:\/\/www.ludovicteneze.com\/wp-content\/uploads\/2022\/11\/IMG_0901-1024x1024.jpg 1024w, https:\/\/www.ludovicteneze.com\/wp-content\/uploads\/2022\/11\/IMG_0901-300x300.jpg 300w, https:\/\/www.ludovicteneze.com\/wp-content\/uploads\/2022\/11\/IMG_0901-150x150.jpg 150w, https:\/\/www.ludovicteneze.com\/wp-content\/uploads\/2022\/11\/IMG_0901-768x768.jpg 768w, https:\/\/www.ludovicteneze.com\/wp-content\/uploads\/2022\/11\/IMG_0901-1536x1536.jpg 1536w, https:\/\/www.ludovicteneze.com\/wp-content\/uploads\/2022\/11\/IMG_0901-550x550.jpg 550w\" sizes=\"(max-width: 333px) 100vw, 333px\" \/><\/figure><\/div>","protected":false},"excerpt":{"rendered":"<p>20 novembre&#8230; Le coup d\u2019envoi de La Coupe du monde Il est donn\u00e9 \u00e0 17h pour un match \u00ab\u00a0historique\u00a0\u00bb Qatar \u2013 Equateur&#8230; apr\u00e8s 4 ans et demi d\u2019attente depuis la derni\u00e8re finale remport\u00e9e par les bleus\u00a0! \u00c0 peine le temps de s\u2019installer sur son canap\u00e9, et l\u2019Equateur marque un but de la t\u00eate par Enner Valencia\u00a0! G\u00e9nial&#8230; Une Coupe du monde offensive avec des gardiens \u00e0 la d\u00e9rive, \u00e0 la p\u00eache au ballon plut\u00f4t pour le gardien du Qatar.\u00a0 Il est 17h02 et 39 secondes, les commentateurs ne le savent pas encore mais ce qui a vraiment commenc\u00e9 c\u2019est la Coupe du monde de la VAR, et plus pr\u00e9cis\u00e9ment du nouveau jouet de la FIFA, la d\u00e9tection du hors-jeu automatis\u00e9&#8230;.<\/p>\n","protected":false},"author":1,"featured_media":610,"comment_status":"open","ping_status":"closed","sticky":false,"template":"elementor_theme","format":"standard","meta":{"footnotes":""},"categories":[3,17,18],"tags":[29,39,38,24,30,33,31,32],"_links":{"self":[{"href":"https:\/\/www.ludovicteneze.com\/index.php\/wp-json\/wp\/v2\/posts\/605"}],"collection":[{"href":"https:\/\/www.ludovicteneze.com\/index.php\/wp-json\/wp\/v2\/posts"}],"about":[{"href":"https:\/\/www.ludovicteneze.com\/index.php\/wp-json\/wp\/v2\/types\/post"}],"author":[{"embeddable":true,"href":"https:\/\/www.ludovicteneze.com\/index.php\/wp-json\/wp\/v2\/users\/1"}],"replies":[{"embeddable":true,"href":"https:\/\/www.ludovicteneze.com\/index.php\/wp-json\/wp\/v2\/comments?post=605"}],"version-history":[{"count":11,"href":"https:\/\/www.ludovicteneze.com\/index.php\/wp-json\/wp\/v2\/posts\/605\/revisions"}],"predecessor-version":[{"id":646,"href":"https:\/\/www.ludovicteneze.com\/index.php\/wp-json\/wp\/v2\/posts\/605\/revisions\/646"}],"wp:featuredmedia":[{"embeddable":true,"href":"https:\/\/www.ludovicteneze.com\/index.php\/wp-json\/wp\/v2\/media\/610"}],"wp:attachment":[{"href":"https:\/\/www.ludovicteneze.com\/index.php\/wp-json\/wp\/v2\/media?parent=605"}],"wp:term":[{"taxonomy":"category","embeddable":true,"href":"https:\/\/www.ludovicteneze.com\/index.php\/wp-json\/wp\/v2\/categories?post=605"},{"taxonomy":"post_tag","embeddable":true,"href":"https:\/\/www.ludovicteneze.com\/index.php\/wp-json\/wp\/v2\/tags?post=605"}],"curies":[{"name":"wp","href":"https:\/\/api.w.org\/{rel}","templated":true}]}}