{"id":318,"date":"2021-09-13T10:34:00","date_gmt":"2021-09-13T08:34:00","guid":{"rendered":"http:\/\/www.ludovicteneze.com\/?p=318"},"modified":"2024-02-18T16:05:29","modified_gmt":"2024-02-18T15:05:29","slug":"pour-ou-contre-la-var-le-point-de-vue-de-yohan-cruyff","status":"publish","type":"post","link":"https:\/\/www.ludovicteneze.com\/index.php\/2021\/09\/13\/pour-ou-contre-la-var-le-point-de-vue-de-yohan-cruyff\/","title":{"rendered":"Pour ou contre la VAR? Le point de vue de Yohan Cruyff."},"content":{"rendered":"\n<p class=\"has-black-color has-text-color\"><strong>CONTRE LA VAR \u2026 il est toujours inspirant de boire les paroles de Yohan Cruyff, pour un \u00e9ducateur ou un passionn\u00e9 de football. Son point de vue sur la tactique, sur la technique, sur les joueurs, les entraineurs les dirigeants de Barcelone et de l\u2019Ajax d\u2019Amsterdam est toujours tranch\u00e9, et aiguis\u00e9\u00a0!<\/strong><\/p>\n\n\n\n<div style=\"height:15px\" aria-hidden=\"true\" class=\"wp-block-spacer\"><\/div>\n\n\n\n<p class=\"has-black-color has-text-color\">Pour la VAR, son discours est sans ambigu\u00eft\u00e9\u2026<\/p>\n\n\n\n<div style=\"height:15px\" aria-hidden=\"true\" class=\"wp-block-spacer\"><\/div>\n\n\n\n<blockquote class=\"wp-block-quote\"><p><strong>&nbsp;\u00ab&nbsp;Je suis en principe contre toutes les innovations techniques dont il est question en ce moment, comme les cam\u00e9ras sur la ligne de but&nbsp;\u00bb.<\/strong><\/p><\/blockquote>\n\n\n\n<div style=\"height:15px\" aria-hidden=\"true\" class=\"wp-block-spacer\"><\/div>\n\n\n\n<p class=\"has-black-color has-text-color\">Vous trouverez 100 citations sur la vid\u00e9o assistance dans mon livre intitul\u00e9 \u00ab&nbsp;VAR&nbsp;? le miroir aux alouettes&nbsp;\u00bb, mais pas celle de Yohan Cruyff. Son autobiographie \u00e9tait pourtant en ma possession depuis plus de quatre ans\u2026 une erreur que je voulais r\u00e9parer. Je vous laisse donc appr\u00e9cier cet extrait de la page 361\u2026 un petit clin d\u2019\u0153il \u00e0 sa philosophie de football et aux erreurs des acteurs, joueurs ou arbitres&nbsp;!<\/p>\n\n\n\n<div style=\"height:15px\" aria-hidden=\"true\" class=\"wp-block-spacer\"><\/div>\n\n\n\n<p class=\"has-black-color has-text-color\">\u00ab&nbsp;En ce qui me concerne et dans tous les cas, la base c\u2019est le foot. <a>Je suis en principe contre toutes les innovations techniques dont il est question en ce moment, comme les cam\u00e9ras sur la ligne de but. <\/a>Le football le seul sport pratiqu\u00e9 avec les pieds, est d\u00e9j\u00e0 un facteur d\u2019erreur en soi. Et puis, il n\u2019y a pas de time-out (temps mort) ce qui complique la t\u00e2che du coach durant le match et redouble le risque d\u2019erreur.<\/p>\n\n\n\n<div style=\"height:15px\" aria-hidden=\"true\" class=\"wp-block-spacer\"><\/div>\n\n\n\n<p class=\"has-black-color has-text-color\">Les r\u00e8gles du jeu elle-m\u00eame encourage \u00e0 la subjectivit\u00e9. Car pour vous, la balle a d\u00e9pass\u00e9 la ligne, mais pas pour moi. Du coup, apr\u00e8s le match, on va aller dans un bar pour en discuter. Qui a raison, qui a tort, peu importe, l\u2019important c\u2019est que l\u2019on en discute. Il y a de l\u2019ambiance. On parle et on boit un verre.<\/p>\n\n\n\n<div style=\"height:15px\" aria-hidden=\"true\" class=\"wp-block-spacer\"><\/div>\n\n\n\n<p class=\"has-black-color has-text-color\">Imaginons que quelqu\u2019un \u00e0 la t\u00e9l\u00e9 montre que cette balle n\u2019avait pas d\u00e9pass\u00e9 la ligne : c\u2019est la fin de la discussion. Ce que j\u2019aime dans les discussions sur le foot, c\u2019est que tout le monde peut dire ce qu\u2019il veut. Et on a tous raison, enfin presque.<\/p>\n\n\n\n<div style=\"height:15px\" aria-hidden=\"true\" class=\"wp-block-spacer\"><\/div>\n\n\n\n<p class=\"has-black-color has-text-color\">Les joueurs sur le terrain en suivi une formation de pointe, il faut donc que l\u2019arbitre et ses assistants et eux aussi suivi une formation de pointe. Mais comme le foot est un jeu dans lequel on commet des erreurs, l\u2019arbitre et ses assistants continueront \u00e0 en faire. Tout comme ils arrivent au meilleur buteur de rater des occasions en or et au meilleur gardien de laisser glisser un ballon entre leurs mains. Les erreurs qui seront mati\u00e8re \u00e0 discussion pour des millions de personnes des jours, des mois et m\u00eame des ann\u00e9es apr\u00e8s qu\u2019ils ont \u00e9t\u00e9 commises. C\u2019est cela, la beaut\u00e9 du foot et c\u2019est cela qu\u2019il faut absolument conserver&nbsp;\u00bb.<\/p>\n\n\n\n<div style=\"height:15px\" aria-hidden=\"true\" class=\"wp-block-spacer\"><\/div>\n\n\n\n<p class=\"has-black-color has-text-color\">Johan Cruyff<em> (2016). M\u00e9moires. <\/em>Editions Solar.<\/p>\n","protected":false},"excerpt":{"rendered":"<p>CONTRE LA VAR \u2026 il est toujours inspirant de boire les paroles de Yohan Cruyff, pour un \u00e9ducateur ou un passionn\u00e9 de football. Son point de vue sur la tactique, sur la technique, sur les joueurs, les entraineurs les dirigeants de Barcelone et de l\u2019Ajax d\u2019Amsterdam est toujours tranch\u00e9, et aiguis\u00e9\u00a0! Pour la VAR, son discours est sans ambigu\u00eft\u00e9\u2026 &nbsp;\u00ab&nbsp;Je suis en principe contre toutes les innovations techniques dont il est question en ce moment, comme les cam\u00e9ras sur la ligne de but&nbsp;\u00bb. Vous trouverez 100 citations sur la vid\u00e9o assistance dans mon livre intitul\u00e9 \u00ab&nbsp;VAR&nbsp;? le miroir aux alouettes&nbsp;\u00bb, mais pas celle de Yohan Cruyff. Son autobiographie \u00e9tait pourtant en ma possession depuis plus de quatre ans\u2026 une erreur&#8230;<\/p>\n","protected":false},"author":1,"featured_media":134,"comment_status":"open","ping_status":"closed","sticky":false,"template":"","format":"standard","meta":{"footnotes":""},"categories":[11,19,18],"tags":[100,61,99,33,31],"_links":{"self":[{"href":"https:\/\/www.ludovicteneze.com\/index.php\/wp-json\/wp\/v2\/posts\/318"}],"collection":[{"href":"https:\/\/www.ludovicteneze.com\/index.php\/wp-json\/wp\/v2\/posts"}],"about":[{"href":"https:\/\/www.ludovicteneze.com\/index.php\/wp-json\/wp\/v2\/types\/post"}],"author":[{"embeddable":true,"href":"https:\/\/www.ludovicteneze.com\/index.php\/wp-json\/wp\/v2\/users\/1"}],"replies":[{"embeddable":true,"href":"https:\/\/www.ludovicteneze.com\/index.php\/wp-json\/wp\/v2\/comments?post=318"}],"version-history":[{"count":6,"href":"https:\/\/www.ludovicteneze.com\/index.php\/wp-json\/wp\/v2\/posts\/318\/revisions"}],"predecessor-version":[{"id":512,"href":"https:\/\/www.ludovicteneze.com\/index.php\/wp-json\/wp\/v2\/posts\/318\/revisions\/512"}],"wp:featuredmedia":[{"embeddable":true,"href":"https:\/\/www.ludovicteneze.com\/index.php\/wp-json\/wp\/v2\/media\/134"}],"wp:attachment":[{"href":"https:\/\/www.ludovicteneze.com\/index.php\/wp-json\/wp\/v2\/media?parent=318"}],"wp:term":[{"taxonomy":"category","embeddable":true,"href":"https:\/\/www.ludovicteneze.com\/index.php\/wp-json\/wp\/v2\/categories?post=318"},{"taxonomy":"post_tag","embeddable":true,"href":"https:\/\/www.ludovicteneze.com\/index.php\/wp-json\/wp\/v2\/tags?post=318"}],"curies":[{"name":"wp","href":"https:\/\/api.w.org\/{rel}","templated":true}]}}